{"id":25499,"date":"2024-10-28T15:06:57","date_gmt":"2024-10-28T19:06:57","guid":{"rendered":"https:\/\/mtlconnecte.ca\/?p=25499"},"modified":"2024-10-29T10:49:02","modified_gmt":"2024-10-29T14:49:02","slug":"%f0%9f%8c%9f-mamo-mamuindigenous-youth-ambassadorsat-the-heart-of-change-%f0%9f%8c%bf","status":"publish","type":"post","link":"https:\/\/mtlconnecte.ca\/en\/%f0%9f%8c%9f-mamo-mamuindigenous-youth-ambassadorsat-the-heart-of-change-%f0%9f%8c%bf\/","title":{"rendered":"\ud83c\udf1f Mamo \/ Mamu Indigenous Youth Ambassadors at the heart of change \ud83c\udf3f"},"content":{"rendered":"\t\t<div data-elementor-type=\"wp-post\" data-elementor-id=\"25499\" class=\"elementor elementor-25499\" data-elementor-post-type=\"post\">\n\t\t\t\t\t\t<section class=\"elementor-section elementor-top-section elementor-element elementor-element-74575f2 elementor-section-boxed elementor-section-height-default elementor-section-height-default\" data-id=\"74575f2\" data-element_type=\"section\">\n\t\t\t\t\t\t<div class=\"elementor-container elementor-column-gap-default\">\n\t\t\t\t\t<div class=\"elementor-column elementor-col-100 elementor-top-column elementor-element elementor-element-ccc1958\" data-id=\"ccc1958\" data-element_type=\"column\">\n\t\t\t<div class=\"elementor-widget-wrap elementor-element-populated\">\n\t\t\t\t\t\t<div class=\"elementor-element elementor-element-ac7d00d elementor-widget elementor-widget-text-editor\" data-id=\"ac7d00d\" data-element_type=\"widget\" data-widget_type=\"text-editor.default\">\n\t\t\t\t<div class=\"elementor-widget-container\">\n\t\t\t\t\t\t\t<p><strong>Kwei!, Kuei!<\/strong> As part of its efforts to reduce the digital divide and meet the specific needs of young indigenous and their communities, <strong>Printemps num\u00e9rique<\/strong> is proud to launch the second cohort of <strong>Young Indigenous Ambassadors<\/strong> for a desirable digital future, with a brand new concept: <strong>Mamo-Mamu<\/strong> (meaning TOGETHER in the Atikamekw and Innu languages).<\/p><p>To represent Quebec&#8217;s Indigenous nations, a dozen participants aged <strong>18 to 35<\/strong> will take part in MTL connect, <strong>free of charge, from October 15 to 18, 2024<\/strong>. Since 2019, Digital Spring has been collaborating with aboriginal organizations to implement digital education initiatives for young people.<\/p><p>Find out more about the organizations and partners who will be contributing to the young ambassadors&#8217; experience at MTL connect:<\/p>\t\t\t\t\t\t<\/div>\n\t\t\t\t<\/div>\n\t\t\t\t\t<\/div>\n\t\t<\/div>\n\t\t\t\t\t<\/div>\n\t\t<\/section>\n\t\t\t\t<section class=\"elementor-section elementor-top-section elementor-element elementor-element-bccbcb6 elementor-section-boxed elementor-section-height-default elementor-section-height-default\" data-id=\"bccbcb6\" data-element_type=\"section\">\n\t\t\t\t\t\t<div class=\"elementor-container elementor-column-gap-default\">\n\t\t\t\t\t<div class=\"elementor-column elementor-col-100 elementor-top-column elementor-element elementor-element-b6310e6\" data-id=\"b6310e6\" data-element_type=\"column\">\n\t\t\t<div class=\"elementor-widget-wrap elementor-element-populated\">\n\t\t\t\t\t\t<div class=\"elementor-element elementor-element-b3744ef elementor-widget elementor-widget-text-editor\" data-id=\"b3744ef\" data-element_type=\"widget\" data-widget_type=\"text-editor.default\">\n\t\t\t\t<div class=\"elementor-widget-container\">\n\t\t\t\t\t\t\t<p><strong><a href=\"https:\/\/www.atikamekwsipi.com\/fr\">Conseil de la Nation Atikamekw<\/a><br \/><a href=\"https:\/\/rjpnql.com\/en\/homepage\/?_gl=1*18v27ow*_up*MQ..*_ga*NDQzMTA1NjY3LjE3MjYyNTQyNTg.*_ga_598PGFKXDX*MTcyNjI1NDI1Ni4xLjAuMTcyNjI1NDI1Ni4wLjAuMA..\" target=\"_blank\" rel=\"noopener\">R\u00e9seau jeunesse des Premi\u00e8res Nations Qu\u00e9bec-Labrador<\/a><br \/><a href=\"https:\/\/presenceautochtone.ca\/en\/\" target=\"_blank\" rel=\"noopener\">Festival International\u00a0Pr\u00e9sence Autochtone<\/a><br \/><a href=\"https:\/\/evenementswapikoni.ca\/\" target=\"_blank\" rel=\"noopener\">Wapikoni mobile<\/a><br \/><a href=\"https:\/\/two-falls.com\/\" target=\"_blank\" rel=\"noopener\">Unreliable Narrators Games (game creators\u00a0TWO FALLS)<\/a><br \/><a href=\"https:\/\/www.musee-mccord-stewart.ca\/en\/\" target=\"_blank\" rel=\"noopener\">Mus\u00e9e McCord Stewart<\/a><br \/><a href=\"https:\/\/competenceculture.ca\/?gad_source=1&amp;gclid=CjwKCAjwxY-3BhAuEiwAu7Y6sxi5AzzGYUUfeblg07g-9nOX_RDGlrgO7wNlq71QUFWmK4l2o8WzNhoC8-0QAvD_BwE\" target=\"_blank\" rel=\"noopener\">Comp\u00e9tence Culture<\/a><br \/><a href=\"https:\/\/polesynthese.com\/en\/\" target=\"_blank\" rel=\"noopener\">SYNTH\u00c8SE<\/a><\/strong><\/p>\t\t\t\t\t\t<\/div>\n\t\t\t\t<\/div>\n\t\t\t\t\t<\/div>\n\t\t<\/div>\n\t\t\t\t\t<\/div>\n\t\t<\/section>\n\t\t\t\t<section class=\"elementor-section elementor-top-section elementor-element elementor-element-577b432 elementor-section-boxed elementor-section-height-default elementor-section-height-default\" data-id=\"577b432\" data-element_type=\"section\">\n\t\t\t\t\t\t<div class=\"elementor-container elementor-column-gap-default\">\n\t\t\t\t\t<div class=\"elementor-column elementor-col-100 elementor-top-column elementor-element elementor-element-778be14\" data-id=\"778be14\" data-element_type=\"column\">\n\t\t\t<div class=\"elementor-widget-wrap elementor-element-populated\">\n\t\t\t\t\t\t<div class=\"elementor-element elementor-element-2b2811b elementor-widget elementor-widget-text-editor\" data-id=\"2b2811b\" data-element_type=\"widget\" data-widget_type=\"text-editor.default\">\n\t\t\t\t<div class=\"elementor-widget-container\">\n\t\t\t\t\t\t\t<p>With the continued support of our collaborators from the first edition, we are pleased to introduce our new major partner\u00a0<a href=\"https:\/\/ivado.ca\/en\/\" target=\"_blank\" rel=\"noopener\">IVADO<\/a>; Interdisciplinary and Intersectoral AI Research Consortium.<\/p><p>\u00ab\u00a0<em>As a partner in the Mamo\/Mamu collective project, IVADO is proud to contribute to an initiative that highlights concrete solutions for enhancing the value of Indigenous cultures. Adopted responsibly, artificial intelligence enables us to explore new avenues and offer innovative responses to a number of issues faced by indigenous communities\u00a0\u00bb<\/em>\u00a0<em>\u2013\u00a0<\/em>R\u00e9jean Roy, Director of Training and Knowledge Mobilization, IVADO<\/p>\t\t\t\t\t\t<\/div>\n\t\t\t\t<\/div>\n\t\t\t\t\t<\/div>\n\t\t<\/div>\n\t\t\t\t\t<\/div>\n\t\t<\/section>\n\t\t\t\t<section class=\"elementor-section elementor-top-section elementor-element elementor-element-edfda24 elementor-section-boxed elementor-section-height-default elementor-section-height-default\" data-id=\"edfda24\" data-element_type=\"section\">\n\t\t\t\t\t\t<div class=\"elementor-container elementor-column-gap-default\">\n\t\t\t\t\t<div class=\"elementor-column elementor-col-100 elementor-top-column elementor-element elementor-element-b93e6f7\" data-id=\"b93e6f7\" data-element_type=\"column\">\n\t\t\t<div class=\"elementor-widget-wrap elementor-element-populated\">\n\t\t\t\t\t\t<div class=\"elementor-element elementor-element-2753179 elementor-widget elementor-widget-text-editor\" data-id=\"2753179\" data-element_type=\"widget\" data-widget_type=\"text-editor.default\">\n\t\t\t\t<div class=\"elementor-widget-container\">\n\t\t\t\t\t\t\t<p dir=\"ltr\"><strong>Become an Indigenous Youth Ambassador<\/strong><\/p><p dir=\"ltr\">Would you like to explore the future possibilities offered by Quebec&#8217;s digital creativity industry? As a change agent, share your ideas on how new technologies could be used in your community.\u00a0<a href=\"https:\/\/airtable.com\/appUbiESZuHNoxKk9\/pagLRx11NRQzSOMad\/form\" target=\"_blank\" rel=\"noopener\"><strong><u>Join us here<\/u>.<\/strong><\/a>\u00a0<\/p>\t\t\t\t\t\t<\/div>\n\t\t\t\t<\/div>\n\t\t\t\t\t<\/div>\n\t\t<\/div>\n\t\t\t\t\t<\/div>\n\t\t<\/section>\n\t\t\t\t<section class=\"elementor-section elementor-top-section elementor-element elementor-element-eba143e elementor-section-boxed elementor-section-height-default elementor-section-height-default\" data-id=\"eba143e\" data-element_type=\"section\">\n\t\t\t\t\t\t<div class=\"elementor-container elementor-column-gap-default\">\n\t\t\t\t\t<div class=\"elementor-column elementor-col-100 elementor-top-column elementor-element elementor-element-513f0b3\" data-id=\"513f0b3\" data-element_type=\"column\">\n\t\t\t<div class=\"elementor-widget-wrap elementor-element-populated\">\n\t\t\t\t\t\t<div class=\"elementor-element elementor-element-086ecd6 elementor-widget elementor-widget-text-editor\" data-id=\"086ecd6\" data-element_type=\"widget\" data-widget_type=\"text-editor.default\">\n\t\t\t\t<div class=\"elementor-widget-container\">\n\t\t\t\t\t\t\t<p style=\"font-weight: 400;\">Activities and exchanges in the form of sharing circles will be documented. This will encourage the emergence of solutions and initiatives for the sustainable development of indigenous communities.\u00a0<\/p><p style=\"font-weight: 400;\"><strong>Would you like to support the initiative or participate as a young indigenous ambassador? Contact Leticia Lacroix:\u00a0<a href=\"mailto:leticia@printempsnumerique.ca\">leticia@printempsnumerique.ca<\/a><\/strong><\/p>\t\t\t\t\t\t<\/div>\n\t\t\t\t<\/div>\n\t\t\t\t\t<\/div>\n\t\t<\/div>\n\t\t\t\t\t<\/div>\n\t\t<\/section>\n\t\t\t\t<section class=\"elementor-section elementor-top-section elementor-element elementor-element-847096c elementor-section-boxed elementor-section-height-default elementor-section-height-default\" data-id=\"847096c\" data-element_type=\"section\">\n\t\t\t\t\t\t<div class=\"elementor-container elementor-column-gap-default\">\n\t\t\t\t\t<div class=\"elementor-column elementor-col-100 elementor-top-column elementor-element elementor-element-464b958\" data-id=\"464b958\" data-element_type=\"column\">\n\t\t\t<div class=\"elementor-widget-wrap elementor-element-populated\">\n\t\t\t\t\t\t<div class=\"elementor-element elementor-element-fc1e041 elementor-widget elementor-widget-text-editor\" data-id=\"fc1e041\" data-element_type=\"widget\" data-widget_type=\"text-editor.default\">\n\t\t\t\t<div class=\"elementor-widget-container\">\n\t\t\t\t\t\t\t<p><strong>Wliwni, Migwetc, Migwetc !, Chinaskumitin, Tiawenhk, Tshinashkumitin, Nakurmiik, Woliwon, Wela\u2019lin, Nia:wen, Tshinashkumitin<\/strong><\/p>\t\t\t\t\t\t<\/div>\n\t\t\t\t<\/div>\n\t\t\t\t\t<\/div>\n\t\t<\/div>\n\t\t\t\t\t<\/div>\n\t\t<\/section>\n\t\t\t\t<section class=\"elementor-section elementor-top-section elementor-element elementor-element-d3514d3 elementor-section-boxed elementor-section-height-default elementor-section-height-default\" data-id=\"d3514d3\" data-element_type=\"section\">\n\t\t\t\t\t\t<div class=\"elementor-container elementor-column-gap-default\">\n\t\t\t\t\t<div class=\"elementor-column elementor-col-100 elementor-top-column elementor-element elementor-element-9cf937e\" data-id=\"9cf937e\" data-element_type=\"column\">\n\t\t\t<div class=\"elementor-widget-wrap elementor-element-populated\">\n\t\t\t\t\t\t<div class=\"elementor-element elementor-element-994385a elementor-widget elementor-widget-text-editor\" data-id=\"994385a\" data-element_type=\"widget\" data-widget_type=\"text-editor.default\">\n\t\t\t\t<div class=\"elementor-widget-container\">\n\t\t\t\t\t\t\t<p>Mamo\/Mamu is a project supported by Ivado, Secr\u00e9tariat \u00e0 la jeunesse du Qu\u00e9bec, and presented by Hydro-Qu\u00e9bec as part of the Jeunesse QC 2030 project.<\/p>\t\t\t\t\t\t<\/div>\n\t\t\t\t<\/div>\n\t\t\t\t\t<\/div>\n\t\t<\/div>\n\t\t\t\t\t<\/div>\n\t\t<\/section>\n\t\t\t\t<section class=\"elementor-section elementor-top-section elementor-element elementor-element-f2bfc6d elementor-section-boxed elementor-section-height-default elementor-section-height-default\" data-id=\"f2bfc6d\" data-element_type=\"section\">\n\t\t\t\t\t\t<div class=\"elementor-container elementor-column-gap-default\">\n\t\t\t\t\t<div class=\"elementor-column elementor-col-100 elementor-top-column elementor-element elementor-element-dd44120\" data-id=\"dd44120\" data-element_type=\"column\">\n\t\t\t<div class=\"elementor-widget-wrap elementor-element-populated\">\n\t\t\t\t\t\t<div class=\"elementor-element elementor-element-89cbeea elementor-widget elementor-widget-text-editor\" data-id=\"89cbeea\" data-element_type=\"widget\" data-widget_type=\"text-editor.default\">\n\t\t\t\t<div class=\"elementor-widget-container\">\n\t\t\t\t\t\t\t<p>Source and information:<\/p><p>St\u00e9phane Nepton, Coordinator &#8211; Aboriginal Digital Mediation Digital Spring<\/p><p>C: stephane@printempsnumerique.ca<\/p><p>T: 514-607-6292<\/p>\t\t\t\t\t\t<\/div>\n\t\t\t\t<\/div>\n\t\t\t\t\t<\/div>\n\t\t<\/div>\n\t\t\t\t\t<\/div>\n\t\t<\/section>\n\t\t\t\t<\/div>\n\t\t","protected":false},"excerpt":{"rendered":"<p>Kwei!, Kuei! As part of its efforts to reduce the digital divide and meet the specific needs of young indigenous and their communities, Printemps num\u00e9rique is proud to launch the second cohort of Young Indigenous Ambassadors for a desirable digital future, with a brand new concept: Mamo-Mamu (meaning TOGETHER in the Atikamekw and Innu languages). [&hellip;]<\/p>\n","protected":false},"author":15,"featured_media":24942,"comment_status":"closed","ping_status":"open","sticky":false,"template":"","format":"standard","meta":{"footnotes":""},"categories":[56,51,49,50,54,53],"tags":[],"class_list":["post-25499","post","type-post","status-publish","format-standard","has-post-thumbnail","hentry","category-actualites-en","category-creativitynews","category-future-of-worknews","category-news","category-newsportrait","category-newstechnology"],"_links":{"self":[{"href":"https:\/\/mtlconnecte.ca\/en\/wp-json\/wp\/v2\/posts\/25499"}],"collection":[{"href":"https:\/\/mtlconnecte.ca\/en\/wp-json\/wp\/v2\/posts"}],"about":[{"href":"https:\/\/mtlconnecte.ca\/en\/wp-json\/wp\/v2\/types\/post"}],"author":[{"embeddable":true,"href":"https:\/\/mtlconnecte.ca\/en\/wp-json\/wp\/v2\/users\/15"}],"replies":[{"embeddable":true,"href":"https:\/\/mtlconnecte.ca\/en\/wp-json\/wp\/v2\/comments?post=25499"}],"version-history":[{"count":5,"href":"https:\/\/mtlconnecte.ca\/en\/wp-json\/wp\/v2\/posts\/25499\/revisions"}],"predecessor-version":[{"id":25505,"href":"https:\/\/mtlconnecte.ca\/en\/wp-json\/wp\/v2\/posts\/25499\/revisions\/25505"}],"wp:featuredmedia":[{"embeddable":true,"href":"https:\/\/mtlconnecte.ca\/en\/wp-json\/wp\/v2\/media\/24942"}],"wp:attachment":[{"href":"https:\/\/mtlconnecte.ca\/en\/wp-json\/wp\/v2\/media?parent=25499"}],"wp:term":[{"taxonomy":"category","embeddable":true,"href":"https:\/\/mtlconnecte.ca\/en\/wp-json\/wp\/v2\/categories?post=25499"},{"taxonomy":"post_tag","embeddable":true,"href":"https:\/\/mtlconnecte.ca\/en\/wp-json\/wp\/v2\/tags?post=25499"}],"curies":[{"name":"wp","href":"https:\/\/api.w.org\/{rel}","templated":true}]}}