{"id":11648,"date":"2021-11-11T10:18:16","date_gmt":"2021-11-11T15:18:16","guid":{"rendered":"https:\/\/mtlconnecte.ca\/?p=11648"},"modified":"2021-11-30T08:07:15","modified_gmt":"2021-11-30T13:07:15","slug":"mtl-connect-reaches-new-heights","status":"publish","type":"post","link":"https:\/\/mtlconnecte.ca\/en\/mtl-connect-reaches-new-heights\/","title":{"rendered":"MTL connect reaches new heights!"},"content":{"rendered":"\n<p><strong>Montreal, November 11,&nbsp;2021<\/strong>&nbsp;\u2015&nbsp;The 2021 edition of&nbsp;<a href=\"https:\/\/mtlconnecte.ca\/\" target=\"_blank\" rel=\"noreferrer noopener\"><strong>MTL connect<\/strong><\/a>&nbsp;, which took place from October 12 to 17, under the theme&nbsp;<strong>Renaissance<\/strong>, registered nearly&nbsp;<strong>11,000 participants<\/strong>.&nbsp;This was one of the first hybrid events of this magnitude to take place in a post-pandemic context, and it was a huge success!<\/p>\n\n\n\n<p>Online but also in real life, the&nbsp;<a rel=\"noreferrer noopener\" href=\"https:\/\/www.printempsnumerique.ca\/programmation\/evenement\/mtl-connecte-2021-la-semaine-numerique-de-montreal\/\" target=\"_blank\"><strong>Montreal&nbsp;Digital Week<\/strong><\/a>&nbsp;allowed to educate, to raise awareness, to learn, to meet, to exchange, but above all, to imagine a better digital future.<\/p>\n\n\n\n<div style=\"height:21px\" aria-hidden=\"true\" class=\"wp-block-spacer\"><\/div>\n\n\n\n<div class=\"wp-block-image\"><figure class=\"aligncenter size-full\"><img fetchpriority=\"high\" decoding=\"async\" width=\"612\" height=\"452\" src=\"https:\/\/mtlconnecte.ca\/wp-content\/uploads\/2021\/11\/key-figures.png\" alt=\"\" class=\"wp-image-11649\" srcset=\"https:\/\/mtlconnecte.ca\/wp-content\/uploads\/2021\/11\/key-figures.png 612w, https:\/\/mtlconnecte.ca\/wp-content\/uploads\/2021\/11\/key-figures-300x222.png 300w\" sizes=\"(max-width: 612px) 100vw, 612px\" \/><\/figure><\/div>\n\n\n\n<div style=\"height:16px\" aria-hidden=\"true\" class=\"wp-block-spacer\"><\/div>\n\n\n\n<h3 class=\"has-text-align-center wp-block-heading\"><strong>PROMISING NETWORKING<\/strong><\/h3>\n\n\n\n<div style=\"height:25px\" aria-hidden=\"true\" class=\"wp-block-spacer\"><\/div>\n\n\n\n<div class=\"wp-block-image\"><figure class=\"aligncenter size-large is-resized\"><img decoding=\"async\" src=\"https:\/\/mtlconnecte.ca\/wp-content\/uploads\/2021\/11\/e\u0301toiles-1-1024x173.png\" alt=\"\" class=\"wp-image-11651\" width=\"261\" height=\"44\" srcset=\"https:\/\/mtlconnecte.ca\/wp-content\/uploads\/2021\/11\/e\u0301toiles-1-1024x173.png 1024w, https:\/\/mtlconnecte.ca\/wp-content\/uploads\/2021\/11\/e\u0301toiles-1-300x51.png 300w, https:\/\/mtlconnecte.ca\/wp-content\/uploads\/2021\/11\/e\u0301toiles-1-768x130.png 768w, https:\/\/mtlconnecte.ca\/wp-content\/uploads\/2021\/11\/e\u0301toiles-1-1536x260.png 1536w, https:\/\/mtlconnecte.ca\/wp-content\/uploads\/2021\/11\/e\u0301toiles-1-2048x346.png 2048w\" sizes=\"(max-width: 261px) 100vw, 261px\" \/><\/figure><\/div>\n\n\n\n<p class=\"has-text-align-center\">The quality of the meetings is our priority:<br>Participants give a rating of&nbsp;<strong>4.7\/5<\/strong>&nbsp;to the meetings during MTL connect.<\/p>\n\n\n\n<div style=\"height:24px\" aria-hidden=\"true\" class=\"wp-block-spacer\"><\/div>\n\n\n\n<ul class=\"wp-block-list\"><li><strong>86<\/strong>&nbsp;networking activities organized online and in person<\/li><li><strong>13,441<\/strong>&nbsp;messages exchanged through the platform<\/li><li><strong>4,494<\/strong>&nbsp;contacts made<\/li><li><strong>95%<\/strong>&nbsp;of the contacts made leads to a discussion<\/li><\/ul>\n\n\n\n<div style=\"height:26px\" aria-hidden=\"true\" class=\"wp-block-spacer\"><\/div>\n\n\n\n<h3 class=\"has-text-align-center wp-block-heading\">THE GREAT MEETINGS<\/h3>\n\n\n\n<div style=\"height:24px\" aria-hidden=\"true\" class=\"wp-block-spacer\"><\/div>\n\n\n\n<p>We proudly salute the presence of&nbsp;<strong>big names at MTL connect 2021.&nbsp;<\/strong>Thank you again for being there!<br><br>Here are a few speakers of this 3rd edition:<\/p>\n\n\n\n<ul class=\"wp-block-list\"><li>Online Speakers:&nbsp;<a rel=\"noreferrer noopener\" href=\"https:\/\/mtlconnecte.app.swapcard.com\/event\/mtl-connecte-1\/planning\/UGxhbm5pbmdfNjcyNzky\" target=\"_blank\">Cathie Wood<\/a>,&nbsp;<a rel=\"noreferrer noopener\" href=\"https:\/\/mtlconnecte.app.swapcard.com\/event\/mtl-connecte-1\/planning\/UGxhbm5pbmdfNjcyNzg5\" target=\"_blank\">Soraya Fouladi<\/a>&nbsp;and&nbsp;<a rel=\"noreferrer noopener\" href=\"https:\/\/mtlconnecte.app.swapcard.com\/event\/mtl-connecte-1\/planning\/UGxhbm5pbmdfNjcyNzI4\" target=\"_blank\">Rich Mulholland<\/a><br>&nbsp;<\/li><li>In-person Speakers:&nbsp;<a rel=\"noreferrer noopener\" href=\"https:\/\/mtlconnecte.app.swapcard.com\/event\/mtl-connecte-1\/planning\/UGxhbm5pbmdfNjk3MTUz\" target=\"_blank\">Thione Niang<\/a>,&nbsp;<a rel=\"noreferrer noopener\" href=\"https:\/\/mtlconnecte.app.swapcard.com\/event\/mtl-connecte-1\/planning\/UGxhbm5pbmdfNjk3NDky\" target=\"_blank\">Luc Sirois<\/a>,&nbsp;<a rel=\"noreferrer noopener\" href=\"https:\/\/mtlconnecte.app.swapcard.com\/event\/mtl-connecte-1\/planning\/UGxhbm5pbmdfNjk4NDYz\" target=\"_blank\">Lennie Moreno<\/a>,&nbsp;<a rel=\"noreferrer noopener\" href=\"https:\/\/www.linkedin.com\/in\/flynncoleman\/\" target=\"_blank\">Flynn Colemann<\/a>,&nbsp;<a rel=\"noreferrer noopener\" href=\"https:\/\/mtlconnecte.app.swapcard.com\/event\/mtl-connecte-1\/planning\/UGxhbm5pbmdfNjk3NjM1\" target=\"_blank\">Mohammed Traor\u00e9<\/a>&nbsp;and&nbsp;<a rel=\"noreferrer noopener\" href=\"https:\/\/mtlconnecte.app.swapcard.com\/event\/mtl-connecte-1\/planning\/UGxhbm5pbmdfNzEzMzA0\" target=\"_blank\">Dani\u00e8le Henkel<\/a><br>&nbsp;<\/li><li>Officials&nbsp;Attendance:&nbsp;<a rel=\"noreferrer noopener\" href=\"https:\/\/mtlconnecte.app.swapcard.com\/event\/mtl-connecte-1\/planning\/UGxhbm5pbmdfNzA1NTYy\" target=\"_blank\">Chantal Rouleau<\/a>,&nbsp;<a rel=\"noreferrer noopener\" href=\"https:\/\/mtlconnecte.app.swapcard.com\/event\/mtl-connecte-1\/planning\/UGxhbm5pbmdfNzAyMDg1\" target=\"_blank\">\u00c9ric Caire<\/a>,&nbsp;<a rel=\"noreferrer noopener\" href=\"https:\/\/mtlconnecte.app.swapcard.com\/event\/mtl-connecte-1\/planning\/UGxhbm5pbmdfNzEwNzU2\" target=\"_blank\">Nathalie Roy<\/a>,&nbsp;<a rel=\"noreferrer noopener\" href=\"https:\/\/mtlconnecte.app.swapcard.com\/event\/mtl-connecte-1\/planning\/UGxhbm5pbmdfNjkyNTUy\" target=\"_blank\">Fran\u00e7ois William Croteau<\/a>,&nbsp;<a rel=\"noreferrer noopener\" href=\"https:\/\/www.linkedin.com\/in\/simon-brault-315327149\/\" target=\"_blank\">Simon Brault<\/a>&nbsp;and&nbsp;<a rel=\"noreferrer noopener\" href=\"https:\/\/www.linkedin.com\/in\/nathalie-maill%C3%A9-21496928\/\" target=\"_blank\">Nathalie Maill\u00e9<\/a><br>&nbsp;<\/li><li>Diplomatic Representatives:&nbsp;<a rel=\"noreferrer noopener\" href=\"https:\/\/canada.um.dk\/fr\" target=\"_blank\">Ambassade du Danemark au Canada<\/a>,&nbsp;<a rel=\"noreferrer noopener\" href=\"http:\/\/ambsencanada.org\/\" target=\"_blank\">Ambassade du S\u00e9n\u00e9gal \u00e0 Ottawa<\/a>,&nbsp;<a rel=\"noreferrer noopener\" href=\"https:\/\/mtlconnecte.app.swapcard.com\/event\/mtl-connecte-1\/planning\/UGxhbm5pbmdfNzAyMzg4\" target=\"_blank\">Consulat g\u00e9n\u00e9ral de l\u2018Allemagne \u00e0 Montr\u00e9al<\/a>,&nbsp;<a rel=\"noreferrer noopener\" href=\"https:\/\/canada.diplomatie.belgium.be\/fr\/ambassade-et-consulats\/consulat-general-montreal\" target=\"_blank\">Consulat de Belgique<\/a>,&nbsp;<a rel=\"noreferrer noopener\" href=\"https:\/\/quebec.consulfrance.org\/\" target=\"_blank\">Consulat g\u00e9n\u00e9ral de France \u00e0 Qu\u00e9bec<\/a>,&nbsp;<a rel=\"noreferrer noopener\" href=\"https:\/\/embassies.gov.il\/montreal-fr\/Pages\/Actualit%C3%A9s.aspx\" target=\"_blank\">Consulat G\u00e9n\u00e9ral d&#8217;Isra\u00ebl<\/a>,&nbsp;<a rel=\"noreferrer noopener\" href=\"https:\/\/mtlconnecte.app.swapcard.com\/event\/mtl-connecte-1\/planning\/UGxhbm5pbmdfNzE3Mjkz\" target=\"_blank\">Consulat G\u00e9n\u00e9ral d&#8217;Isra\u00ebl<\/a>&nbsp;and&nbsp;<a rel=\"noreferrer noopener\" href=\"http:\/\/www.bayern.ca\/fr\/\" target=\"_blank\">Repr\u00e9sentation de l&#8217;\u00c9tat de&nbsp;Bavi\u00e8re<\/a>.<\/li><\/ul>\n\n\n\n<div style=\"height:28px\" aria-hidden=\"true\" class=\"wp-block-spacer\"><\/div>\n\n\n\n<h3 class=\"has-text-align-center wp-block-heading\"><strong>INTERNATIONAL, YOUTH AND FRANCOPHONIE IN THE SPOTLIGHT<\/strong><\/h3>\n\n\n\n<div style=\"height:23px\" aria-hidden=\"true\" class=\"wp-block-spacer\"><\/div>\n\n\n\n<p>The important<strong>&nbsp;international participation<\/strong>, the&nbsp;<strong>inclusion of youth<\/strong>&nbsp;and the attention gave to the&nbsp;<strong>French-speaking world<\/strong>&nbsp;characterizes the 3rd edition of MTL connect. &nbsp;<\/p>\n\n\n\n<p>We are proud to mention:<\/p>\n\n\n\n<ul class=\"wp-block-list\"><li>The realization of the very first edition of the &#8220;<a rel=\"noreferrer noopener\" href=\"https:\/\/mtlconnecte.app.swapcard.com\/event\/mtl-connecte-1\/plannings\/RXZlbnRWaWV3XzE3NTkwNQ%3D%3D?search=&amp;filters=RmllbGREZWZpbml0aW9uXzI2Mzc5NA%253D%253D%3ARmllbGRWYWx1ZV8xNDgzMTMzMg%253D%253D\" target=\"_blank\">Rendez-vous France-Qu\u00e9bec sur la d\u00e9couvrabilit\u00e9 en ligne des contenus culturels francophones<\/a>&#8221; organized in collaboration with the Ministry of Culture and Communications of Quebec and the Ministry of Culture of France;<br>&nbsp;<\/li><li>The &#8220;Regard crois\u00e9 Outre Atlantique&#8221; talks between&nbsp;<a rel=\"noreferrer noopener\" href=\"https:\/\/app.swapcard.com\/event\/mtl-connecte-1\/planning\/UGxhbm5pbmdfNjkyNTUy\" target=\"_blank\">Mr. Micka\u00ebl Bouloux of Rennes M\u00e9tropole and Mr. Fran\u00e7ois William Croteau of the City of Montreal<\/a>&nbsp;and between the representatives of the cities of&nbsp;<a rel=\"noreferrer noopener\" href=\"https:\/\/app.swapcard.com\/event\/mtl-connecte-1\/planning\/UGxhbm5pbmdfNzAyNjI2\" target=\"_blank\">Chamb\u00e9ry and Shawinigan, Mrs. Aur\u00e9lie Le Meur and Mrs. Maude Labrosse<\/a>;<br>&nbsp;<\/li><li>The Explore MTL connect&nbsp;course offered to the&nbsp;<a rel=\"noreferrer noopener\" href=\"https:\/\/mtlconnecte.ca\/en\/accessibility-program-explore-mtl-connect-2\/\" target=\"_blank\">Accessibility Program<\/a>&nbsp;registrants and the&nbsp;<a rel=\"noreferrer noopener\" href=\"https:\/\/mtlconnecte.ca\/participez-a-mtl-connecte-avec-la-delegation-jeunesse\/\" target=\"_blank\">youth delegation<\/a>. A journey that allowed people under 35 years old from here and elsewhere to receive coaching, a suggestion of conferences, workshops, networking sessions and the opportunity to testify as youth ambassadors of MTL connect.&nbsp;<br><br><em>The accessibility program was made possible thanks to the support of the main partner,&nbsp;<a rel=\"noreferrer noopener\" href=\"https:\/\/www.mrif.gouv.qc.ca\/fr\/\" target=\"_blank\">Minist\u00e8re des Relations internationales et de la Francophonie<\/a>&nbsp;the&nbsp;<a rel=\"noreferrer noopener\" href=\"http:\/\/the%20city%20of%20montreal%20in%20mobilizing%20youth%20from%20french-speaking%20countries.\/\" target=\"_blank\">City of Montreal<\/a>&nbsp;in mobilizing youth from French-speaking countries.<\/em><\/li><\/ul>\n\n\n\n<div style=\"height:25px\" aria-hidden=\"true\" class=\"wp-block-spacer\"><\/div>\n\n\n\n<h3 class=\"has-text-align-center wp-block-heading\"><strong>CULTURE ET CREATIVITY<\/strong><\/h3>\n\n\n\n<div style=\"height:25px\" aria-hidden=\"true\" class=\"wp-block-spacer\"><\/div>\n\n\n\n<p>A&nbsp;<a href=\"https:\/\/mtlconnecte.ca\/en\/discover-the-artistic-programm\/\" target=\"_blank\" rel=\"noreferrer noopener\">hybrid program<\/a>&nbsp;with panels, workshops and online performances was presented in collaboration with&nbsp;<strong>Akousma \/ Stereolux \/ Concordia University \/ Milieux \/ 4th Space \/ Maison de la culture C\u00f4te de Neiges \/ Maison de la culture Claude-L\u00e9veill\u00e9e \/ SAT.&nbsp;<\/strong><\/p>\n\n\n\n<p>Also, in partnership with&nbsp;<a rel=\"noreferrer noopener\" href=\"https:\/\/printempsnumerique.brussels\/node\/1\" target=\"_blank\">Printemps num\u00e9rique de Bruxelles<\/a>&nbsp;and Milieux (Concordia University), Montreal Digital Spring&nbsp;presented&nbsp;<a rel=\"noreferrer noopener\" href=\"https:\/\/www.youtube.com\/watch?v=HfdQwmS2NwE\" target=\"_blank\">VIDEO\/\/PLAY<\/a>, a travelling video program, which reached 362,000 people.<\/p>\n\n\n\n<div style=\"height:27px\" aria-hidden=\"true\" class=\"wp-block-spacer\"><\/div>\n\n\n\n<h3 class=\"has-text-align-center wp-block-heading\"><strong>TESTIMONIALS<\/strong><\/h3>\n\n\n\n<div style=\"height:24px\" aria-hidden=\"true\" class=\"wp-block-spacer\"><\/div>\n\n\n\n<p class=\"has-text-align-center\">\u00ab&nbsp;Organizing a hybrid event is a big challenge, and you did it brilliantly!&nbsp;\u00bb&nbsp;<br><a href=\"https:\/\/www.linkedin.com\/in\/lysianeproulx\/\" target=\"_blank\" rel=\"noreferrer noopener\">Lysiane Proulx, Telus Affaires<\/a><\/p>\n\n\n\n<p class=\"has-text-align-center\">\u273a<br>\u00ab Thank you for an amazing event.<br>I was able to see parts of it and it looked very impressive. \u00bb<br><a rel=\"noreferrer noopener\" href=\"https:\/\/www.linkedin.com\/in\/elena-lipilina\/\" target=\"_blank\">Elena Lipilina, Wamsport<\/a><br>\u273a<br>\u00ab&nbsp;The platform is very rich and the number of contents is impressive.&nbsp;\u00bb<br><a rel=\"noreferrer noopener\" href=\"https:\/\/www.linkedin.com\/in\/marianne-wachowiak\/\" target=\"_blank\">Marianne Wachowiak, Le Monde<\/a><br>\u273a<br>\u00ab&nbsp;I quickly connected with the people I met and with some we will continue our exchanges in the weeks to come to deepen possibilities of future collaborations.&nbsp;\u00bb<br><a rel=\"noreferrer noopener\" href=\"https:\/\/mmrectoverso.org\/mois-multi-2021-pop-up\/equipe\/\" target=\"_blank\">M\u00e9lanie B\u00e9dard, Les Productions Recto-Verso \/ Mois Multi Festival international d\u2019arts multidisciplinaires et \u00e9lectroniques<\/a><\/p>\n\n\n\n<div style=\"height:26px\" aria-hidden=\"true\" class=\"wp-block-spacer\"><\/div>\n\n\n\n<h3 class=\"has-text-align-center wp-block-heading\"><strong>RELIVE THE EVENT ON VIDEO<\/strong><\/h3>\n\n\n\n<div style=\"height:25px\" aria-hidden=\"true\" class=\"wp-block-spacer\"><\/div>\n\n\n\n<p class=\"has-text-align-center\"><a href=\"https:\/\/mtlconnecte.app.swapcard.com\/event\/mtl-connecte-1\" target=\"_blank\" rel=\"noreferrer noopener\">The event replay is available<\/a>&nbsp;now to watch or re-watch all the content of MTL connect<br>up to&nbsp;<strong>6 months after its end!<\/strong><\/p>\n\n\n\n<p class=\"has-text-align-center\">It&#8217;s free for all Full or VIP access holders and&nbsp;<strong>a paid version (21$)<br>is also available to all.<\/strong><\/p>\n\n\n\n<div style=\"height:24px\" aria-hidden=\"true\" class=\"wp-block-spacer\"><\/div>\n\n\n\n<div class=\"wp-block-buttons is-layout-flex wp-block-buttons-is-layout-flex\">\n<div class=\"wp-block-button\"><a class=\"wp-block-button__link has-luminous-vivid-orange-background-color has-background\" href=\"https:\/\/www.weezevent.com\/mtl-connecte-2021-la-semaine-numerique-de-montreal-montreal-digital-week\" target=\"_blank\" rel=\"noreferrer noopener\"><strong>GET YOUR TICKET<\/strong><\/a><\/div>\n<\/div>\n\n\n\n<div style=\"height:21px\" aria-hidden=\"true\" class=\"wp-block-spacer\"><\/div>\n\n\n\n<figure class=\"wp-block-embed is-type-video is-provider-youtube wp-block-embed-youtube wp-embed-aspect-16-9 wp-has-aspect-ratio\"><div class=\"wp-block-embed__wrapper\">\n<iframe title=\"MTL Connecte 2021 : Retour en images\" width=\"800\" height=\"450\" src=\"https:\/\/www.youtube.com\/embed\/hH63EffJ-0E?start=3&#038;feature=oembed\" frameborder=\"0\" allow=\"accelerometer; autoplay; clipboard-write; encrypted-media; gyroscope; picture-in-picture\" allowfullscreen><\/iframe>\n<\/div><\/figure>\n\n\n\n<p><strong>&nbsp; <\/strong><\/p>\n\n\n\n<p>MTL connect 2021 in videos:<\/p>\n\n\n\n<p><strong>&nbsp;&gt; &nbsp;<a rel=\"noreferrer noopener\" href=\"https:\/\/www.youtube.com\/watch?v=yrmqkhoiK-o\" target=\"_blank\">DAY&nbsp;1<\/a><br>&nbsp;&gt; &nbsp;<a rel=\"noreferrer noopener\" href=\"https:\/\/www.youtube.com\/watch?v=rGBJoeQPCEA&amp;feature=youtu.be\" target=\"_blank\">DAY&nbsp;2<\/a><br>&nbsp;&gt; &nbsp;<a rel=\"noreferrer noopener\" href=\"https:\/\/www.youtube.com\/watch?v=ikeLW1aimYw&amp;feature=youtu.be\" target=\"_blank\">DAY&nbsp;3<\/a><br>&nbsp;&gt; &nbsp;<a rel=\"noreferrer noopener\" href=\"https:\/\/www.youtube.com\/watch?v=EYMQdBIt-i4\" target=\"_blank\">DAY&nbsp;4<\/a><\/strong><\/p>\n\n\n\n<div style=\"height:28px\" aria-hidden=\"true\" class=\"wp-block-spacer\"><\/div>\n\n\n\n<h3 class=\"wp-block-heading\"><strong>SEE YOU NEXT YEAR!<\/strong><\/h3>\n\n\n\n<div style=\"height:25px\" aria-hidden=\"true\" class=\"wp-block-spacer\"><\/div>\n\n\n\n<p>This chapter is closing, but our story is not over! The&nbsp;<a rel=\"noreferrer noopener\" href=\"https:\/\/www.printempsnumerique.ca\/\" target=\"_blank\">Montreal Digital Spring (PN)<\/a>&nbsp;continues to go above and beyond in its mission to democratize and support the digital transformation. We&#8217;ll see you&nbsp;<strong>October 17 to 23<\/strong>, 2022 for the 4th edition of&nbsp;<a rel=\"noreferrer noopener\" href=\"https:\/\/mtlconnecte.ca\/\" target=\"_blank\">MTL connect.<\/a><\/p>\n","protected":false},"excerpt":{"rendered":"<p>This was one of the first hybrid events of this magnitude to take place in a post-pandemic context, and it was a huge success!<\/p>\n","protected":false},"author":5,"featured_media":11645,"comment_status":"closed","ping_status":"open","sticky":true,"template":"","format":"standard","meta":{"footnotes":""},"categories":[56,57,51,52,49,50,48,53],"tags":[],"class_list":["post-11648","post","type-post","status-publish","format-standard","has-post-thumbnail","hentry","category-actualites-en","category-actualitescommunique-de-presse-en","category-creativitynews","category-creativitynewspress-releases","category-future-of-worknews","category-news","category-newspress-releases","category-newstechnology"],"_links":{"self":[{"href":"https:\/\/mtlconnecte.ca\/en\/wp-json\/wp\/v2\/posts\/11648"}],"collection":[{"href":"https:\/\/mtlconnecte.ca\/en\/wp-json\/wp\/v2\/posts"}],"about":[{"href":"https:\/\/mtlconnecte.ca\/en\/wp-json\/wp\/v2\/types\/post"}],"author":[{"embeddable":true,"href":"https:\/\/mtlconnecte.ca\/en\/wp-json\/wp\/v2\/users\/5"}],"replies":[{"embeddable":true,"href":"https:\/\/mtlconnecte.ca\/en\/wp-json\/wp\/v2\/comments?post=11648"}],"version-history":[{"count":4,"href":"https:\/\/mtlconnecte.ca\/en\/wp-json\/wp\/v2\/posts\/11648\/revisions"}],"predecessor-version":[{"id":11685,"href":"https:\/\/mtlconnecte.ca\/en\/wp-json\/wp\/v2\/posts\/11648\/revisions\/11685"}],"wp:featuredmedia":[{"embeddable":true,"href":"https:\/\/mtlconnecte.ca\/en\/wp-json\/wp\/v2\/media\/11645"}],"wp:attachment":[{"href":"https:\/\/mtlconnecte.ca\/en\/wp-json\/wp\/v2\/media?parent=11648"}],"wp:term":[{"taxonomy":"category","embeddable":true,"href":"https:\/\/mtlconnecte.ca\/en\/wp-json\/wp\/v2\/categories?post=11648"},{"taxonomy":"post_tag","embeddable":true,"href":"https:\/\/mtlconnecte.ca\/en\/wp-json\/wp\/v2\/tags?post=11648"}],"curies":[{"name":"wp","href":"https:\/\/api.w.org\/{rel}","templated":true}]}}